
{"id":3090,"date":"2025-02-15T15:15:00","date_gmt":"2025-02-15T14:15:00","guid":{"rendered":"https:\/\/taliz.pl\/blog\/?p=3090"},"modified":"2025-04-25T10:50:52","modified_gmt":"2025-04-25T08:50:52","slug":"kamienie-naturalne-w-medytacji-wybor-idealnego-mineralu-do-praktyki","status":"publish","type":"post","link":"https:\/\/taliz.pl\/blog\/kamienie-naturalne-w-medytacji-wybor-idealnego-mineralu-do-praktyki.html","title":{"rendered":"Kamienie naturalne w medytacji \u2013 wyb\u00f3r idealnego minera\u0142u do praktyki"},"content":{"rendered":"<div id=\"ez-toc-container\" class=\"ez-toc-v2_0_80 counter-hierarchy ez-toc-counter ez-toc-grey ez-toc-container-direction\">\n<div class=\"ez-toc-title-container\">\n<p class=\"ez-toc-title\" style=\"cursor:inherit\">Spis tre\u015bci<\/p>\n<span class=\"ez-toc-title-toggle\"><a href=\"#\" class=\"ez-toc-pull-right ez-toc-btn ez-toc-btn-xs ez-toc-btn-default ez-toc-toggle\" aria-label=\"Prze\u0142\u0105cznik Spisu Tre\u015bci\"><span class=\"ez-toc-js-icon-con\"><span class=\"\"><span class=\"eztoc-hide\" style=\"display:none;\">Toggle<\/span><span class=\"ez-toc-icon-toggle-span\"><svg style=\"fill: #999;color:#999\" xmlns=\"http:\/\/www.w3.org\/2000\/svg\" class=\"list-377408\" width=\"20px\" height=\"20px\" viewBox=\"0 0 24 24\" fill=\"none\"><path d=\"M6 6H4v2h2V6zm14 0H8v2h12V6zM4 11h2v2H4v-2zm16 0H8v2h12v-2zM4 16h2v2H4v-2zm16 0H8v2h12v-2z\" fill=\"currentColor\"><\/path><\/svg><svg style=\"fill: #999;color:#999\" class=\"arrow-unsorted-368013\" xmlns=\"http:\/\/www.w3.org\/2000\/svg\" width=\"10px\" height=\"10px\" viewBox=\"0 0 24 24\" version=\"1.2\" baseProfile=\"tiny\"><path d=\"M18.2 9.3l-6.2-6.3-6.2 6.3c-.2.2-.3.4-.3.7s.1.5.3.7c.2.2.4.3.7.3h11c.3 0 .5-.1.7-.3.2-.2.3-.5.3-.7s-.1-.5-.3-.7zM5.8 14.7l6.2 6.3 6.2-6.3c.2-.2.3-.5.3-.7s-.1-.5-.3-.7c-.2-.2-.4-.3-.7-.3h-11c-.3 0-.5.1-.7.3-.2.2-.3.5-.3.7s.1.5.3.7z\"\/><\/svg><\/span><\/span><\/span><\/a><\/span><\/div>\n<nav><ul class='ez-toc-list ez-toc-list-level-1 ' ><li class='ez-toc-page-1 ez-toc-heading-level-2'><a class=\"ez-toc-link ez-toc-heading-1\" href=\"https:\/\/taliz.pl\/blog\/kamienie-naturalne-w-medytacji-wybor-idealnego-mineralu-do-praktyki.html\/#Znaczenie_medytacji_i_duchowosci\" >Znaczenie medytacji i duchowo\u015bci<\/a><ul class='ez-toc-list-level-3' ><li class='ez-toc-heading-level-3'><a class=\"ez-toc-link ez-toc-heading-2\" href=\"https:\/\/taliz.pl\/blog\/kamienie-naturalne-w-medytacji-wybor-idealnego-mineralu-do-praktyki.html\/#Medytacja_jako_droga_do_relaksacji\" >Medytacja jako droga do relaksacji<\/a><\/li><li class='ez-toc-page-1 ez-toc-heading-level-3'><a class=\"ez-toc-link ez-toc-heading-3\" href=\"https:\/\/taliz.pl\/blog\/kamienie-naturalne-w-medytacji-wybor-idealnego-mineralu-do-praktyki.html\/#Duchowosc_i_energia_mineralow\" >Duchowo\u015b\u0107 i energia minera\u0142\u00f3w<\/a><\/li><\/ul><\/li><li class='ez-toc-page-1 ez-toc-heading-level-2'><a class=\"ez-toc-link ez-toc-heading-4\" href=\"https:\/\/taliz.pl\/blog\/kamienie-naturalne-w-medytacji-wybor-idealnego-mineralu-do-praktyki.html\/#Jak_wybrac_idealny_mineral_do_praktyki_medytacyjnej\" >Jak wybra\u0107 idealny minera\u0142 do praktyki medytacyjnej<\/a><ul class='ez-toc-list-level-3' ><li class='ez-toc-heading-level-3'><a class=\"ez-toc-link ez-toc-heading-5\" href=\"https:\/\/taliz.pl\/blog\/kamienie-naturalne-w-medytacji-wybor-idealnego-mineralu-do-praktyki.html\/#Znajdz_swoj_kamien_naturalny\" >Znajd\u017a sw\u00f3j kamie\u0144 naturalny<\/a><\/li><li class='ez-toc-page-1 ez-toc-heading-level-3'><a class=\"ez-toc-link ez-toc-heading-6\" href=\"https:\/\/taliz.pl\/blog\/kamienie-naturalne-w-medytacji-wybor-idealnego-mineralu-do-praktyki.html\/#Wlasciwosci_popularnych_kamieni\" >W\u0142a\u015bciwo\u015bci popularnych kamieni<\/a><\/li><\/ul><\/li><li class='ez-toc-page-1 ez-toc-heading-level-2'><a class=\"ez-toc-link ez-toc-heading-7\" href=\"https:\/\/taliz.pl\/blog\/kamienie-naturalne-w-medytacji-wybor-idealnego-mineralu-do-praktyki.html\/#Praktyka_medytacyjna_z_kamieniami_naturalnymi\" >Praktyka medytacyjna z kamieniami naturalnymi<\/a><ul class='ez-toc-list-level-3' ><li class='ez-toc-heading-level-3'><a class=\"ez-toc-link ez-toc-heading-8\" href=\"https:\/\/taliz.pl\/blog\/kamienie-naturalne-w-medytacji-wybor-idealnego-mineralu-do-praktyki.html\/#Codzienna_rutyna_medytacyjna\" >Codzienna rutyna medytacyjna<\/a><\/li><li class='ez-toc-page-1 ez-toc-heading-level-3'><a class=\"ez-toc-link ez-toc-heading-9\" href=\"https:\/\/taliz.pl\/blog\/kamienie-naturalne-w-medytacji-wybor-idealnego-mineralu-do-praktyki.html\/#Jak_laczyc_medytacje_i_kamienie_naturalne\" >Jak \u0142\u0105czy\u0107 medytacj\u0119 i kamienie naturalne?<\/a><\/li><\/ul><\/li><li class='ez-toc-page-1 ez-toc-heading-level-2'><a class=\"ez-toc-link ez-toc-heading-10\" href=\"https:\/\/taliz.pl\/blog\/kamienie-naturalne-w-medytacji-wybor-idealnego-mineralu-do-praktyki.html\/#Korzysci_z_laczenia_kamieni_naturalnych_i_medytacji\" >Korzy\u015bci z \u0142\u0105czenia kamieni naturalnych i medytacji<\/a><ul class='ez-toc-list-level-3' ><li class='ez-toc-heading-level-3'><a class=\"ez-toc-link ez-toc-heading-11\" href=\"https:\/\/taliz.pl\/blog\/kamienie-naturalne-w-medytacji-wybor-idealnego-mineralu-do-praktyki.html\/#Wplyw_na_zdrowie_emocjonalne\" >Wp\u0142yw na zdrowie emocjonalne<\/a><\/li><li class='ez-toc-page-1 ez-toc-heading-level-3'><a class=\"ez-toc-link ez-toc-heading-12\" href=\"https:\/\/taliz.pl\/blog\/kamienie-naturalne-w-medytacji-wybor-idealnego-mineralu-do-praktyki.html\/#Duchowy_rozwoj_poprzez_praktyke\" >Duchowy rozw\u00f3j poprzez praktyk\u0119<\/a><\/li><\/ul><\/li><li class='ez-toc-page-1 ez-toc-heading-level-2'><a class=\"ez-toc-link ez-toc-heading-13\" href=\"https:\/\/taliz.pl\/blog\/kamienie-naturalne-w-medytacji-wybor-idealnego-mineralu-do-praktyki.html\/#Jak_dbac_o_kamienie_naturalne_uzywane_w_medytacji\" >Jak dba\u0107 o kamienie naturalne u\u017cywane w medytacji<\/a><ul class='ez-toc-list-level-3' ><li class='ez-toc-heading-level-3'><a class=\"ez-toc-link ez-toc-heading-14\" href=\"https:\/\/taliz.pl\/blog\/kamienie-naturalne-w-medytacji-wybor-idealnego-mineralu-do-praktyki.html\/#Rytualy_oczyszczania_kamieni\" >Rytua\u0142y oczyszczania kamieni<\/a><\/li><li class='ez-toc-page-1 ez-toc-heading-level-3'><a class=\"ez-toc-link ez-toc-heading-15\" href=\"https:\/\/taliz.pl\/blog\/kamienie-naturalne-w-medytacji-wybor-idealnego-mineralu-do-praktyki.html\/#Przechowywanie_i_pielegnacja_mineralow\" >Przechowywanie i piel\u0119gnacja minera\u0142\u00f3w<\/a><\/li><\/ul><\/li><li class='ez-toc-page-1 ez-toc-heading-level-2'><a class=\"ez-toc-link ez-toc-heading-16\" href=\"https:\/\/taliz.pl\/blog\/kamienie-naturalne-w-medytacji-wybor-idealnego-mineralu-do-praktyki.html\/#Podsumowanie_i_refleksje\" >Podsumowanie i refleksje<\/a><\/li><\/ul><\/nav><\/div>\n\n<h2 class=\"wp-block-heading\"><span class=\"ez-toc-section\" id=\"Znaczenie_medytacji_i_duchowosci\"><\/span>Znaczenie medytacji i duchowo\u015bci<span class=\"ez-toc-section-end\"><\/span><\/h2>\n\n\n\n<p>Medytacja wzmacnia wewn\u0119trzny spok\u00f3j. Praktyka ta pomaga w codziennych wyzwaniach. Duchowo\u015b\u0107 rozwija nasze zrozumienie \u015bwiata. Kamienie naturalne wspieraj\u0105 t\u0119 drog\u0119. Zauwa\u017c, \u017ce medytacja i duchowo\u015b\u0107 \u0142\u0105cz\u0105 si\u0119 naturalnie. Dzi\u0119ki temu mo\u017cemy lepiej pozna\u0107 siebie. Wiele kobiet wybiera te techniki.<\/p>\n\n\n\n<h3 class=\"wp-block-heading\"><span class=\"ez-toc-section\" id=\"Medytacja_jako_droga_do_relaksacji\"><\/span>Medytacja jako droga do relaksacji<span class=\"ez-toc-section-end\"><\/span><\/h3>\n\n\n\n<p>Medytacja przynosi g\u0142\u0119boki relaks. Praktyka pomaga w odpr\u0119\u017ceniu umys\u0142u. U\u017cywamy jej, aby zredukowa\u0107 stres. Relaksacja wp\u0142ywa pozytywnie na zdrowie. Dlatego warto stosowa\u0107 medytacj\u0119 codziennie. Poza tym kamienie naturalne wzmacniaj\u0105 ten efekt.<\/p>\n\n\n\n<h3 class=\"wp-block-heading\"><span class=\"ez-toc-section\" id=\"Duchowosc_i_energia_mineralow\"><\/span>Duchowo\u015b\u0107 i energia minera\u0142\u00f3w<span class=\"ez-toc-section-end\"><\/span><\/h3>\n\n\n\n<p>Duchowo\u015b\u0107 to sztuka poszukiwania harmonii. Kamienie naturalne maj\u0105 unikalne energie. Energia minera\u0142\u00f3w wspiera duchowe poszukiwania. Ponadto pomagaj\u0105 otworzy\u0107 serce. W efekcie wzrasta nasza \u015bwiadomo\u015b\u0107. Naturalne kamienie wprowadzaj\u0105 r\u00f3wnowag\u0119.<\/p>\n\n\n\n<h2 class=\"wp-block-heading\"><span class=\"ez-toc-section\" id=\"Jak_wybrac_idealny_mineral_do_praktyki_medytacyjnej\"><\/span>Jak wybra\u0107 idealny minera\u0142 do praktyki medytacyjnej<span class=\"ez-toc-section-end\"><\/span><\/h2>\n\n\n\n<p>Wyb\u00f3r kamienia wymaga refleksji. Najpierw zastan\u00f3w si\u0119, co chcesz osi\u0105gn\u0105\u0107. Nast\u0119pnie przestudiuj w\u0142a\u015bciwo\u015bci minera\u0142\u00f3w. Praktyka medytacyjna nabiera g\u0142\u0119bszego znaczenia. Odpowiedni kamie\u0144 wspiera relaksacj\u0119. Dlatego warto pozna\u0107 symbolik\u0119 minera\u0142\u00f3w.<\/p>\n\n\n\n<h3 class=\"wp-block-heading\"><span class=\"ez-toc-section\" id=\"Znajdz_swoj_kamien_naturalny\"><\/span>Znajd\u017a sw\u00f3j kamie\u0144 naturalny<span class=\"ez-toc-section-end\"><\/span><\/h3>\n\n\n\n<p>Przyjrzyj si\u0119 kamieniom naturalnym. Zadaj sobie pytanie, kt\u00f3ry minera\u0142 Ci\u0119 przyci\u0105ga. Sprawd\u017a, jakie ma w\u0142a\u015bciwo\u015bci. Ka\u017cdy kamie\u0144 ma unikaln\u0105 energi\u0119. Na przyk\u0142ad ametyst wspiera duchowo\u015b\u0107. Kwarc r\u00f3\u017cowy kojarzy si\u0119 z mi\u0142o\u015bci\u0105 i relaksacj\u0105. Wyb\u00f3r zale\u017cy od Twoich potrzeb.<\/p>\n\n\n\n<h3 class=\"wp-block-heading\"><span class=\"ez-toc-section\" id=\"Wlasciwosci_popularnych_kamieni\"><\/span>W\u0142a\u015bciwo\u015bci popularnych kamieni<span class=\"ez-toc-section-end\"><\/span><\/h3>\n\n\n\n<p>Ametyst pomaga w koncentracji i uspokojeniu umys\u0142u. Kwarc r\u00f3\u017cowy wp\u0142ywa na harmoni\u0119 emocjonaln\u0105. Turmalin ochroni przed negatywnymi energiami. Opal wzmacnia intuicj\u0119 i kreatywno\u015b\u0107. Ka\u017cdy minera\u0142 niesie unikalne przes\u0142anie. Dlatego warto zg\u0142\u0119bia\u0107 ich w\u0142a\u015bciwo\u015bci.<\/p>\n\n\n\n<p><\/p>\n\n\n\n<p><\/p>\n\n\n\n<figure class=\"wp-block-image size-full\"><a href=\"https:\/\/taliz.pl\/3559-opal-akwamaryn-cytryn-srebrna-pozlacana-bransoletka-na-kreatywnosc-harmonie-milosc-natura.html\" target=\"_blank\" rel=\" noreferrer noopener\"><img loading=\"lazy\" decoding=\"async\" width=\"800\" height=\"800\" src=\"https:\/\/taliz.pl\/blog\/wp-content\/uploads\/2025\/02\/opal-akwamaryn-cytryn-srebrna-pozlacana-bransoletka-na-kreatywnosc-harmonie-milosc-natura.webp\" alt=\"\" class=\"wp-image-3270\" srcset=\"https:\/\/taliz.pl\/blog\/wp-content\/uploads\/2025\/02\/opal-akwamaryn-cytryn-srebrna-pozlacana-bransoletka-na-kreatywnosc-harmonie-milosc-natura.webp 800w, https:\/\/taliz.pl\/blog\/wp-content\/uploads\/2025\/02\/opal-akwamaryn-cytryn-srebrna-pozlacana-bransoletka-na-kreatywnosc-harmonie-milosc-natura-300x300.webp 300w, https:\/\/taliz.pl\/blog\/wp-content\/uploads\/2025\/02\/opal-akwamaryn-cytryn-srebrna-pozlacana-bransoletka-na-kreatywnosc-harmonie-milosc-natura-150x150.webp 150w, https:\/\/taliz.pl\/blog\/wp-content\/uploads\/2025\/02\/opal-akwamaryn-cytryn-srebrna-pozlacana-bransoletka-na-kreatywnosc-harmonie-milosc-natura-768x768.webp 768w, https:\/\/taliz.pl\/blog\/wp-content\/uploads\/2025\/02\/opal-akwamaryn-cytryn-srebrna-pozlacana-bransoletka-na-kreatywnosc-harmonie-milosc-natura-75x75.webp 75w\" sizes=\"auto, (max-width: 800px) 100vw, 800px\" \/><\/a><\/figure>\n\n\n\n<p>Opal, Akwamaryn, Cytryn &#8211; srebrna poz\u0142acana bransoletka &#8211; SPRAWDZ TUTAJ<\/p>\n\n\n\n<h2 class=\"wp-block-heading\"><span class=\"ez-toc-section\" id=\"Praktyka_medytacyjna_z_kamieniami_naturalnymi\"><\/span>Praktyka medytacyjna z kamieniami naturalnymi<span class=\"ez-toc-section-end\"><\/span><\/h2>\n\n\n\n<p>Praktyka z kamieniami naturalnymi zaczyna si\u0119 od wyboru. Nast\u0119pnie wybierz spokojne miejsce. U\u0142\u00f3\u017c kamie\u0144 obok siebie. Medytacja nabiera mocy, gdy korzystasz z minera\u0142\u00f3w. Poza tym praktyka u\u0142atwia skupienie. Przyk\u0142adaj uwag\u0119 do oddechu. Dzi\u0119ki temu zyskasz wewn\u0119trzny spok\u00f3j.<\/p>\n\n\n\n<h3 class=\"wp-block-heading\"><span class=\"ez-toc-section\" id=\"Codzienna_rutyna_medytacyjna\"><\/span>Codzienna rutyna medytacyjna<span class=\"ez-toc-section-end\"><\/span><\/h3>\n\n\n\n<p>Codzienna praktyka jest kluczem do sukcesu. Zacznij od kr\u00f3tkich sesji. U\u017cywaj kamieni, aby skupi\u0107 my\u015bli. Warto doda\u0107, \u017ce rytua\u0142y pomagaj\u0105. W\u0142\u0105cz spokojn\u0105 muzyk\u0119 lub d\u017awi\u0119ki natury. Dzi\u0119ki temu do\u015bwiadczysz g\u0142\u0119bokiej relaksacji. Pami\u0119taj, \u017ce regularno\u015b\u0107 buduje duchowo\u015b\u0107.<\/p>\n\n\n\n<h3 class=\"wp-block-heading\"><span class=\"ez-toc-section\" id=\"Jak_laczyc_medytacje_i_kamienie_naturalne\"><\/span>Jak \u0142\u0105czy\u0107 medytacj\u0119 i kamienie naturalne?<span class=\"ez-toc-section-end\"><\/span><\/h3>\n\n\n\n<p>Po\u0142\u0105cz techniki medytacyjne z w\u0142a\u015bciwo\u015bciami kamieni. Skup si\u0119 na energii minera\u0142\u00f3w. U\u017cywaj afirmacji i wizualizacji. Dlatego medytacja staje si\u0119 pe\u0142niejsza. Kamienie naturalne wp\u0142ywaj\u0105 na emocje. Zauwa\u017cysz, \u017ce relaksacja przychodzi \u0142atwiej. Praktyka nabiera nowego wymiaru.<\/p>\n\n\n\n<h2 class=\"wp-block-heading\"><span class=\"ez-toc-section\" id=\"Korzysci_z_laczenia_kamieni_naturalnych_i_medytacji\"><\/span>Korzy\u015bci z \u0142\u0105czenia kamieni naturalnych i medytacji<span class=\"ez-toc-section-end\"><\/span><\/h2>\n\n\n\n<p>\u0141\u0105czenie kamieni naturalnych z medytacj\u0105 przynosi wiele korzy\u015bci. Praktyka wspiera zdrowie psychiczne. Ponadto wzmacnia duchowo\u015b\u0107. Dzi\u0119ki temu osi\u0105gasz wewn\u0119trzn\u0105 harmoni\u0119. Uwa\u017cno\u015b\u0107 i spok\u00f3j id\u0105 w parze. R\u00f3wnie\u017c relaksacja poprawia samopoczucie. Dlatego warto eksperymentowa\u0107 z minera\u0142ami.<\/p>\n\n\n\n<h3 class=\"wp-block-heading\"><span class=\"ez-toc-section\" id=\"Wplyw_na_zdrowie_emocjonalne\"><\/span>Wp\u0142yw na zdrowie emocjonalne<span class=\"ez-toc-section-end\"><\/span><\/h3>\n\n\n\n<p>Medytacja z kamieniami zmniejsza napi\u0119cie. U\u0142atwia kontrolowanie emocji. Dzi\u0119ki temu zyskujesz r\u00f3wnowag\u0119. Kamienie naturalne dzia\u0142aj\u0105 jak katalizator. Co wi\u0119cej, poprawiaj\u0105 jako\u015b\u0107 snu. U\u017cywaj ich codziennie, aby czerpa\u0107 korzy\u015bci.<\/p>\n\n\n\n<h3 class=\"wp-block-heading\"><span class=\"ez-toc-section\" id=\"Duchowy_rozwoj_poprzez_praktyke\"><\/span>Duchowy rozw\u00f3j poprzez praktyk\u0119<span class=\"ez-toc-section-end\"><\/span><\/h3>\n\n\n\n<p>Duchowo\u015b\u0107 rozwija si\u0119 przez regularn\u0105 praktyk\u0119. Medytacja z kamieniami poszerza horyzonty. Ka\u017cda sesja daje nowe wnioski. Dlatego warto szuka\u0107 odpowiedniego minera\u0142u. Twoja praktyka stanie si\u0119 bardziej autentyczna. Ucz si\u0119, jak wykorzystywa\u0107 ich energi\u0119.<\/p>\n\n\n\n<h2 class=\"wp-block-heading\"><span class=\"ez-toc-section\" id=\"Jak_dbac_o_kamienie_naturalne_uzywane_w_medytacji\"><\/span>Jak dba\u0107 o kamienie naturalne u\u017cywane w medytacji<span class=\"ez-toc-section-end\"><\/span><\/h2>\n\n\n\n<p>Dbanie o kamienie naturalne to element szacunku. Oczy\u015b\u0107 je regularnie. Mo\u017cesz u\u017cy\u0107 wody lub dymu z sza\u0142wii. W ten spos\u00f3b zachowasz ich energi\u0119. Ponadto kamienie pozostaj\u0105 pi\u0119kne. Traktuj je jak cenne talizmany. Dzi\u0119ki temu Twoja praktyka nabiera g\u0142\u0119bi.<\/p>\n\n\n\n<h3 class=\"wp-block-heading\"><span class=\"ez-toc-section\" id=\"Rytualy_oczyszczania_kamieni\"><\/span>Rytua\u0142y oczyszczania kamieni<span class=\"ez-toc-section-end\"><\/span><\/h3>\n\n\n\n<p>Oczyszczanie kamieni to wa\u017cny rytua\u0142. Przed ka\u017cd\u0105 medytacj\u0105 zadbaj o energi\u0119 minera\u0142u. U\u017cyj naturalnych metod. Mo\u017cesz zostawi\u0107 kamie\u0144 na s\u0142o\u0144cu. Alternatywnie, zastosuj dym z zi\u00f3\u0142. Taki rytua\u0142 dodaje duchowej mocy. Kamie\u0144 odzyskuje swoj\u0105 \u015bwie\u017co\u015b\u0107.<\/p>\n\n\n\n<h3 class=\"wp-block-heading\"><span class=\"ez-toc-section\" id=\"Przechowywanie_i_pielegnacja_mineralow\"><\/span>Przechowywanie i piel\u0119gnacja minera\u0142\u00f3w<span class=\"ez-toc-section-end\"><\/span><\/h3>\n\n\n\n<p>Przechowuj kamienie w mi\u0119kkich woreczkach. Chroni\u0105 one minera\u0142y przed uszkodzeniem. Upewnij si\u0119, \u017ce miejsce jest suche. Piel\u0119gnacja przed\u0142u\u017ca ich \u017cywotno\u015b\u0107. Dbaj o estetyk\u0119 i energi\u0119. Twoja troska wp\u0142ynie na jako\u015b\u0107 medytacji.<\/p>\n\n\n\n<h2 class=\"wp-block-heading\"><span class=\"ez-toc-section\" id=\"Podsumowanie_i_refleksje\"><\/span>Podsumowanie i refleksje<span class=\"ez-toc-section-end\"><\/span><\/h2>\n\n\n\n<p>Kamienie naturalne maj\u0105 ogromny wp\u0142yw na medytacj\u0119. Praktyka z minera\u0142ami wprowadza spok\u00f3j. Duchowo\u015b\u0107 i relaksacja staj\u0105 si\u0119 bardziej dost\u0119pne. Wyb\u00f3r idealnego kamienia zale\u017cy od Twoich potrzeb. Dlatego warto eksperymentowa\u0107 z r\u00f3\u017cnymi minera\u0142ami. W ka\u017cdym kamieniu kryje si\u0119 unikalna energia. Medytacja nabiera g\u0142\u0119bszego znaczenia. Praktyka ta pozwala lepiej pozna\u0107 siebie.<\/p>\n\n\n\n<p>Pami\u0119taj, \u017ce Twoja praktyka jest unikalna. U\u017cywaj kamieni naturalnych, aby wzmocni\u0107 medytacj\u0119. Odkrywaj nowe energie i do\u015bwiadczaj harmonii. Wyb\u00f3r minera\u0142u to osobista decyzja. Ka\u017cdy kamie\u0144 niesie przes\u0142anie. Zadaj sobie pytanie: kt\u00f3ry minera\u0142 najbardziej rezonuje z Tob\u0105? Twoja intuicja jest najlepszym przewodnikiem.<\/p>\n\n\n\n<p>Podsumowuj\u0105c, kamienie naturalne w medytacji wspieraj\u0105 duchowo\u015b\u0107 i relaksacj\u0119. Wybierz minera\u0142, kt\u00f3ry odpowiada Twoim potrzebom. Praktyka stanie si\u0119 pe\u0142niejsza i bardziej autentyczna. Przeczytaj inne artyku\u0142y na naszym blogu, aby dowiedzie\u0107 si\u0119 wi\u0119cej.<\/p>\n\n\n\n<p>Dzi\u0119kuj\u0119 za lektur\u0119. Mam nadziej\u0119, \u017ce tekst zainspiruje Ci\u0119 do g\u0142\u0119bszej praktyki medytacyjnej z kamieniami naturalnymi. Czy nie warto spr\u00f3bowa\u0107 ju\u017c dzi\u015b?<\/p>\n","protected":false},"excerpt":{"rendered":"<p>Znaczenie medytacji i duchowo\u015bci Medytacja wzmacnia wewn\u0119trzny spok\u00f3j. Praktyka ta pomaga w codziennych wyzwaniach. Duchowo\u015b\u0107 rozwija nasze zrozumienie \u015bwiata. Kamienie naturalne wspieraj\u0105 t\u0119 drog\u0119. Zauwa\u017c, \u017ce medytacja i duchowo\u015b\u0107 \u0142\u0105cz\u0105 si\u0119 naturalnie. Dzi\u0119ki temu mo\u017cemy lepiej pozna\u0107 siebie. Wiele kobiet wybiera te techniki. Medytacja jako droga do relaksacji Medytacja przynosi g\u0142\u0119boki relaks. Praktyka pomaga w odpr\u0119\u017ceniu umys\u0142u. U\u017cywamy jej, aby zredukowa\u0107 stres. Relaksacja wp\u0142ywa pozytywnie na zdrowie. Dlatego warto stosowa\u0107 medytacj\u0119 codziennie. Poza tym kamienie naturalne wzmacniaj\u0105 ten efekt. Duchowo\u015b\u0107 i energia minera\u0142\u00f3w Duchowo\u015b\u0107 to sztuka poszukiwania harmonii. Kamienie naturalne maj\u0105 unikalne energie. Energia minera\u0142\u00f3w wspiera duchowe poszukiwania. Ponadto pomagaj\u0105 otworzy\u0107 serce. W efekcie wzrasta nasza \u015bwiadomo\u015b\u0107. Naturalne kamienie wprowadzaj\u0105 r\u00f3wnowag\u0119. Jak wybra\u0107 idealny minera\u0142 do praktyki medytacyjnej Wyb\u00f3r kamienia wymaga refleksji. Najpierw zastan\u00f3w si\u0119, co chcesz osi\u0105gn\u0105\u0107. Nast\u0119pnie przestudiuj w\u0142a\u015bciwo\u015bci minera\u0142\u00f3w. Praktyka medytacyjna nabiera g\u0142\u0119bszego znaczenia. Odpowiedni kamie\u0144 wspiera relaksacj\u0119. Dlatego warto pozna\u0107 symbolik\u0119 minera\u0142\u00f3w. Znajd\u017a sw\u00f3j kamie\u0144 naturalny Przyjrzyj si\u0119 kamieniom naturalnym. Zadaj sobie pytanie, kt\u00f3ry minera\u0142 Ci\u0119 przyci\u0105ga. Sprawd\u017a, jakie ma w\u0142a\u015bciwo\u015bci. Ka\u017cdy kamie\u0144 ma unikaln\u0105 energi\u0119. Na przyk\u0142ad ametyst wspiera duchowo\u015b\u0107. Kwarc r\u00f3\u017cowy kojarzy si\u0119 z mi\u0142o\u015bci\u0105 i relaksacj\u0105. Wyb\u00f3r zale\u017cy od Twoich potrzeb. W\u0142a\u015bciwo\u015bci popularnych kamieni Ametyst pomaga w koncentracji i uspokojeniu umys\u0142u. Kwarc r\u00f3\u017cowy wp\u0142ywa na harmoni\u0119 emocjonaln\u0105. Turmalin ochroni przed negatywnymi energiami. Opal wzmacnia intuicj\u0119 i kreatywno\u015b\u0107. Ka\u017cdy minera\u0142 niesie unikalne przes\u0142anie. Dlatego warto zg\u0142\u0119bia\u0107 ich w\u0142a\u015bciwo\u015bci. Opal, Akwamaryn, Cytryn &#8211; srebrna poz\u0142acana bransoletka &#8211; SPRAWDZ TUTAJ Praktyka medytacyjna z kamieniami naturalnymi Praktyka z kamieniami naturalnymi zaczyna si\u0119 od wyboru. Nast\u0119pnie wybierz spokojne miejsce. U\u0142\u00f3\u017c kamie\u0144 obok siebie. Medytacja nabiera mocy, gdy korzystasz z minera\u0142\u00f3w. Poza tym praktyka u\u0142atwia skupienie. Przyk\u0142adaj uwag\u0119 do oddechu. Dzi\u0119ki temu zyskasz wewn\u0119trzny spok\u00f3j. Codzienna rutyna medytacyjna Codzienna praktyka jest kluczem do sukcesu. Zacznij od kr\u00f3tkich sesji. U\u017cywaj kamieni, aby skupi\u0107 my\u015bli. Warto doda\u0107, \u017ce rytua\u0142y pomagaj\u0105. W\u0142\u0105cz spokojn\u0105 muzyk\u0119 lub d\u017awi\u0119ki natury. Dzi\u0119ki temu do\u015bwiadczysz g\u0142\u0119bokiej relaksacji. Pami\u0119taj, \u017ce regularno\u015b\u0107 buduje duchowo\u015b\u0107. Jak \u0142\u0105czy\u0107 medytacj\u0119 i kamienie naturalne? Po\u0142\u0105cz techniki medytacyjne z w\u0142a\u015bciwo\u015bciami kamieni. Skup si\u0119 na energii minera\u0142\u00f3w. U\u017cywaj afirmacji i wizualizacji. Dlatego medytacja staje si\u0119 pe\u0142niejsza. Kamienie naturalne wp\u0142ywaj\u0105 na emocje. Zauwa\u017cysz, \u017ce relaksacja przychodzi \u0142atwiej. Praktyka nabiera nowego wymiaru. Korzy\u015bci z \u0142\u0105czenia kamieni naturalnych i medytacji \u0141\u0105czenie kamieni naturalnych z medytacj\u0105 przynosi wiele korzy\u015bci. Praktyka wspiera zdrowie psychiczne. Ponadto wzmacnia duchowo\u015b\u0107. Dzi\u0119ki temu osi\u0105gasz wewn\u0119trzn\u0105 harmoni\u0119. Uwa\u017cno\u015b\u0107 i spok\u00f3j id\u0105 w parze. R\u00f3wnie\u017c relaksacja poprawia samopoczucie. Dlatego warto eksperymentowa\u0107 z minera\u0142ami. Wp\u0142yw na zdrowie emocjonalne Medytacja z kamieniami zmniejsza napi\u0119cie. U\u0142atwia kontrolowanie emocji. Dzi\u0119ki temu zyskujesz r\u00f3wnowag\u0119. Kamienie naturalne dzia\u0142aj\u0105 jak katalizator. Co wi\u0119cej, poprawiaj\u0105 jako\u015b\u0107 snu. U\u017cywaj ich codziennie, aby czerpa\u0107 korzy\u015bci. Duchowy rozw\u00f3j poprzez praktyk\u0119 Duchowo\u015b\u0107 rozwija si\u0119 przez regularn\u0105 praktyk\u0119. Medytacja z kamieniami poszerza horyzonty. Ka\u017cda sesja daje nowe wnioski. Dlatego warto szuka\u0107 odpowiedniego minera\u0142u. Twoja praktyka stanie si\u0119 bardziej autentyczna. Ucz si\u0119, jak wykorzystywa\u0107 ich energi\u0119. Jak dba\u0107 o kamienie naturalne u\u017cywane w medytacji Dbanie o kamienie naturalne to element szacunku. Oczy\u015b\u0107 je regularnie. Mo\u017cesz u\u017cy\u0107 wody lub dymu z sza\u0142wii. W ten spos\u00f3b zachowasz ich energi\u0119. Ponadto kamienie pozostaj\u0105 pi\u0119kne. Traktuj je jak cenne talizmany. Dzi\u0119ki temu Twoja praktyka nabiera g\u0142\u0119bi. Rytua\u0142y oczyszczania kamieni Oczyszczanie kamieni to wa\u017cny rytua\u0142. Przed ka\u017cd\u0105 medytacj\u0105 zadbaj o energi\u0119 minera\u0142u. U\u017cyj naturalnych metod. Mo\u017cesz zostawi\u0107 kamie\u0144 na s\u0142o\u0144cu. Alternatywnie, zastosuj dym z zi\u00f3\u0142. Taki rytua\u0142 dodaje duchowej mocy. Kamie\u0144 odzyskuje swoj\u0105 \u015bwie\u017co\u015b\u0107. Przechowywanie i piel\u0119gnacja minera\u0142\u00f3w Przechowuj kamienie w mi\u0119kkich woreczkach. Chroni\u0105 one minera\u0142y przed uszkodzeniem. Upewnij si\u0119, \u017ce miejsce jest suche. Piel\u0119gnacja przed\u0142u\u017ca ich \u017cywotno\u015b\u0107. Dbaj o estetyk\u0119 i energi\u0119. Twoja troska wp\u0142ynie na jako\u015b\u0107 medytacji. Podsumowanie i refleksje Kamienie naturalne maj\u0105 ogromny wp\u0142yw na medytacj\u0119. Praktyka z minera\u0142ami wprowadza spok\u00f3j. Duchowo\u015b\u0107 i relaksacja staj\u0105 si\u0119 bardziej dost\u0119pne. Wyb\u00f3r idealnego kamienia zale\u017cy od Twoich potrzeb. Dlatego warto eksperymentowa\u0107 z r\u00f3\u017cnymi minera\u0142ami. W ka\u017cdym kamieniu kryje si\u0119 unikalna energia. Medytacja nabiera g\u0142\u0119bszego znaczenia. Praktyka ta pozwala lepiej pozna\u0107 siebie. Pami\u0119taj, \u017ce Twoja praktyka jest unikalna. U\u017cywaj kamieni naturalnych, aby wzmocni\u0107 medytacj\u0119. Odkrywaj nowe energie i do\u015bwiadczaj harmonii. Wyb\u00f3r minera\u0142u to osobista decyzja. Ka\u017cdy kamie\u0144 niesie przes\u0142anie. Zadaj sobie pytanie: kt\u00f3ry minera\u0142 najbardziej rezonuje z Tob\u0105? Twoja intuicja jest najlepszym przewodnikiem. Podsumowuj\u0105c, kamienie naturalne w medytacji wspieraj\u0105 duchowo\u015b\u0107 i relaksacj\u0119. Wybierz minera\u0142, kt\u00f3ry odpowiada Twoim potrzebom. Praktyka stanie si\u0119 pe\u0142niejsza i bardziej autentyczna. Przeczytaj inne artyku\u0142y na naszym blogu, aby dowiedzie\u0107 si\u0119 wi\u0119cej. Dzi\u0119kuj\u0119 za lektur\u0119. Mam nadziej\u0119, \u017ce tekst zainspiruje Ci\u0119 do g\u0142\u0119bszej praktyki medytacyjnej z kamieniami naturalnymi. Czy nie warto spr\u00f3bowa\u0107 ju\u017c dzi\u015b?<\/p>\n","protected":false},"author":2,"featured_media":3091,"comment_status":"closed","ping_status":"open","sticky":false,"template":"","format":"standard","meta":{"inline_featured_image":false,"footnotes":""},"categories":[10],"tags":[],"class_list":["post-3090","post","type-post","status-publish","format-standard","has-post-thumbnail","hentry","category-lifestyle"],"yoast_head":"<!-- This site is optimized with the Yoast SEO plugin v26.9 - https:\/\/yoast.com\/product\/yoast-seo-wordpress\/ -->\n<title>Kamienie naturalne w medytacji \u2013 wyb\u00f3r idealnego minera\u0142u do praktyki - Taliz - Blog<\/title>\n<meta name=\"description\" content=\"Odkryj moc kamieni naturalnych w medytacji i wprowad\u017a harmoni\u0119 do swojego \u017cycia ju\u017c dzi\u015b!\" \/>\n<meta name=\"robots\" content=\"index, follow, max-snippet:-1, max-image-preview:large, max-video-preview:-1\" \/>\n<link rel=\"canonical\" href=\"https:\/\/taliz.pl\/blog\/kamienie-naturalne-w-medytacji-wybor-idealnego-mineralu-do-praktyki.html\" \/>\n<meta property=\"og:locale\" content=\"pl_PL\" \/>\n<meta property=\"og:type\" content=\"article\" \/>\n<meta property=\"og:title\" content=\"Kamienie naturalne w medytacji \u2013 wyb\u00f3r idealnego minera\u0142u do praktyki - Taliz - Blog\" \/>\n<meta property=\"og:description\" content=\"Odkryj moc kamieni naturalnych w medytacji i wprowad\u017a harmoni\u0119 do swojego \u017cycia ju\u017c dzi\u015b!\" \/>\n<meta property=\"og:url\" content=\"https:\/\/taliz.pl\/blog\/kamienie-naturalne-w-medytacji-wybor-idealnego-mineralu-do-praktyki.html\" \/>\n<meta property=\"og:site_name\" content=\"Taliz - Blog\" \/>\n<meta property=\"article:publisher\" content=\"https:\/\/www.facebook.com\/bizuteriataliz\" \/>\n<meta property=\"article:published_time\" content=\"2025-02-15T14:15:00+00:00\" \/>\n<meta property=\"article:modified_time\" content=\"2025-04-25T08:50:52+00:00\" \/>\n<meta property=\"og:image\" content=\"https:\/\/taliz.pl\/blog\/wp-content\/uploads\/2025\/02\/medytacja_2-1.jpg\" \/>\n\t<meta property=\"og:image:width\" content=\"800\" \/>\n\t<meta property=\"og:image:height\" content=\"450\" \/>\n\t<meta property=\"og:image:type\" content=\"image\/jpeg\" \/>\n<meta name=\"author\" content=\"Taliz\" \/>\n<meta name=\"twitter:card\" content=\"summary_large_image\" \/>\n<meta name=\"twitter:label1\" content=\"Napisane przez\" \/>\n\t<meta name=\"twitter:data1\" content=\"Taliz\" \/>\n\t<meta name=\"twitter:label2\" content=\"Szacowany czas czytania\" \/>\n\t<meta name=\"twitter:data2\" content=\"5 minut\" \/>\n<script type=\"application\/ld+json\" class=\"yoast-schema-graph\">{\"@context\":\"https:\/\/schema.org\",\"@graph\":[{\"@type\":\"Article\",\"@id\":\"https:\/\/taliz.pl\/blog\/kamienie-naturalne-w-medytacji-wybor-idealnego-mineralu-do-praktyki.html#article\",\"isPartOf\":{\"@id\":\"https:\/\/taliz.pl\/blog\/kamienie-naturalne-w-medytacji-wybor-idealnego-mineralu-do-praktyki.html\"},\"author\":{\"name\":\"Taliz\",\"@id\":\"https:\/\/taliz.pl\/blog\/#\/schema\/person\/f9a8a49eeeca86341fc06976133021ac\"},\"headline\":\"Kamienie naturalne w medytacji \u2013 wyb\u00f3r idealnego minera\u0142u do praktyki\",\"datePublished\":\"2025-02-15T14:15:00+00:00\",\"dateModified\":\"2025-04-25T08:50:52+00:00\",\"mainEntityOfPage\":{\"@id\":\"https:\/\/taliz.pl\/blog\/kamienie-naturalne-w-medytacji-wybor-idealnego-mineralu-do-praktyki.html\"},\"wordCount\":890,\"publisher\":{\"@id\":\"https:\/\/taliz.pl\/blog\/#organization\"},\"image\":{\"@id\":\"https:\/\/taliz.pl\/blog\/kamienie-naturalne-w-medytacji-wybor-idealnego-mineralu-do-praktyki.html#primaryimage\"},\"thumbnailUrl\":\"https:\/\/taliz.pl\/blog\/wp-content\/uploads\/2025\/02\/medytacja_2-1.jpg\",\"articleSection\":[\"Lifestyle\"],\"inLanguage\":\"pl-PL\"},{\"@type\":\"WebPage\",\"@id\":\"https:\/\/taliz.pl\/blog\/kamienie-naturalne-w-medytacji-wybor-idealnego-mineralu-do-praktyki.html\",\"url\":\"https:\/\/taliz.pl\/blog\/kamienie-naturalne-w-medytacji-wybor-idealnego-mineralu-do-praktyki.html\",\"name\":\"Kamienie naturalne w medytacji \u2013 wyb\u00f3r idealnego minera\u0142u do praktyki - Taliz - Blog\",\"isPartOf\":{\"@id\":\"https:\/\/taliz.pl\/blog\/#website\"},\"primaryImageOfPage\":{\"@id\":\"https:\/\/taliz.pl\/blog\/kamienie-naturalne-w-medytacji-wybor-idealnego-mineralu-do-praktyki.html#primaryimage\"},\"image\":{\"@id\":\"https:\/\/taliz.pl\/blog\/kamienie-naturalne-w-medytacji-wybor-idealnego-mineralu-do-praktyki.html#primaryimage\"},\"thumbnailUrl\":\"https:\/\/taliz.pl\/blog\/wp-content\/uploads\/2025\/02\/medytacja_2-1.jpg\",\"datePublished\":\"2025-02-15T14:15:00+00:00\",\"dateModified\":\"2025-04-25T08:50:52+00:00\",\"description\":\"Odkryj moc kamieni naturalnych w medytacji i wprowad\u017a harmoni\u0119 do swojego \u017cycia ju\u017c dzi\u015b!\",\"breadcrumb\":{\"@id\":\"https:\/\/taliz.pl\/blog\/kamienie-naturalne-w-medytacji-wybor-idealnego-mineralu-do-praktyki.html#breadcrumb\"},\"inLanguage\":\"pl-PL\",\"potentialAction\":[{\"@type\":\"ReadAction\",\"target\":[\"https:\/\/taliz.pl\/blog\/kamienie-naturalne-w-medytacji-wybor-idealnego-mineralu-do-praktyki.html\"]}]},{\"@type\":\"ImageObject\",\"inLanguage\":\"pl-PL\",\"@id\":\"https:\/\/taliz.pl\/blog\/kamienie-naturalne-w-medytacji-wybor-idealnego-mineralu-do-praktyki.html#primaryimage\",\"url\":\"https:\/\/taliz.pl\/blog\/wp-content\/uploads\/2025\/02\/medytacja_2-1.jpg\",\"contentUrl\":\"https:\/\/taliz.pl\/blog\/wp-content\/uploads\/2025\/02\/medytacja_2-1.jpg\",\"width\":800,\"height\":450},{\"@type\":\"BreadcrumbList\",\"@id\":\"https:\/\/taliz.pl\/blog\/kamienie-naturalne-w-medytacji-wybor-idealnego-mineralu-do-praktyki.html#breadcrumb\",\"itemListElement\":[{\"@type\":\"ListItem\",\"position\":1,\"name\":\"Home\",\"item\":\"https:\/\/taliz.pl\/blog\"},{\"@type\":\"ListItem\",\"position\":2,\"name\":\"Kamienie naturalne w medytacji \u2013 wyb\u00f3r idealnego minera\u0142u do praktyki\"}]},{\"@type\":\"WebSite\",\"@id\":\"https:\/\/taliz.pl\/blog\/#website\",\"url\":\"https:\/\/taliz.pl\/blog\/\",\"name\":\"Taliz - Blog\",\"description\":\"Blog\",\"publisher\":{\"@id\":\"https:\/\/taliz.pl\/blog\/#organization\"},\"potentialAction\":[{\"@type\":\"SearchAction\",\"target\":{\"@type\":\"EntryPoint\",\"urlTemplate\":\"https:\/\/taliz.pl\/blog\/?s={search_term_string}\"},\"query-input\":{\"@type\":\"PropertyValueSpecification\",\"valueRequired\":true,\"valueName\":\"search_term_string\"}}],\"inLanguage\":\"pl-PL\"},{\"@type\":\"Organization\",\"@id\":\"https:\/\/taliz.pl\/blog\/#organization\",\"name\":\"Taliz - Blog\",\"url\":\"https:\/\/taliz.pl\/blog\/\",\"logo\":{\"@type\":\"ImageObject\",\"inLanguage\":\"pl-PL\",\"@id\":\"https:\/\/taliz.pl\/blog\/#\/schema\/logo\/image\/\",\"url\":\"https:\/\/taliz.pl\/blog\/wp-content\/uploads\/2024\/08\/taliz-email-2.png\",\"contentUrl\":\"https:\/\/taliz.pl\/blog\/wp-content\/uploads\/2024\/08\/taliz-email-2.png\",\"width\":600,\"height\":413,\"caption\":\"Taliz - Blog\"},\"image\":{\"@id\":\"https:\/\/taliz.pl\/blog\/#\/schema\/logo\/image\/\"},\"sameAs\":[\"https:\/\/www.facebook.com\/bizuteriataliz\"]},{\"@type\":\"Person\",\"@id\":\"https:\/\/taliz.pl\/blog\/#\/schema\/person\/f9a8a49eeeca86341fc06976133021ac\",\"name\":\"Taliz\",\"image\":{\"@type\":\"ImageObject\",\"inLanguage\":\"pl-PL\",\"@id\":\"https:\/\/taliz.pl\/blog\/#\/schema\/person\/image\/\",\"url\":\"https:\/\/secure.gravatar.com\/avatar\/2447c93d55e2a53196fef72b314089fd2e4e2e75262bd4aa58aa96fe748f9c7b?s=96&d=mm&r=g\",\"contentUrl\":\"https:\/\/secure.gravatar.com\/avatar\/2447c93d55e2a53196fef72b314089fd2e4e2e75262bd4aa58aa96fe748f9c7b?s=96&d=mm&r=g\",\"caption\":\"Taliz\"},\"url\":\"https:\/\/taliz.pl\/blog\/author\/taliz\"}]}<\/script>\n<!-- \/ Yoast SEO plugin. -->","yoast_head_json":{"title":"Kamienie naturalne w medytacji \u2013 wyb\u00f3r idealnego minera\u0142u do praktyki - Taliz - Blog","description":"Odkryj moc kamieni naturalnych w medytacji i wprowad\u017a harmoni\u0119 do swojego \u017cycia ju\u017c dzi\u015b!","robots":{"index":"index","follow":"follow","max-snippet":"max-snippet:-1","max-image-preview":"max-image-preview:large","max-video-preview":"max-video-preview:-1"},"canonical":"https:\/\/taliz.pl\/blog\/kamienie-naturalne-w-medytacji-wybor-idealnego-mineralu-do-praktyki.html","og_locale":"pl_PL","og_type":"article","og_title":"Kamienie naturalne w medytacji \u2013 wyb\u00f3r idealnego minera\u0142u do praktyki - Taliz - Blog","og_description":"Odkryj moc kamieni naturalnych w medytacji i wprowad\u017a harmoni\u0119 do swojego \u017cycia ju\u017c dzi\u015b!","og_url":"https:\/\/taliz.pl\/blog\/kamienie-naturalne-w-medytacji-wybor-idealnego-mineralu-do-praktyki.html","og_site_name":"Taliz - Blog","article_publisher":"https:\/\/www.facebook.com\/bizuteriataliz","article_published_time":"2025-02-15T14:15:00+00:00","article_modified_time":"2025-04-25T08:50:52+00:00","og_image":[{"width":800,"height":450,"url":"https:\/\/taliz.pl\/blog\/wp-content\/uploads\/2025\/02\/medytacja_2-1.jpg","type":"image\/jpeg"}],"author":"Taliz","twitter_card":"summary_large_image","twitter_misc":{"Napisane przez":"Taliz","Szacowany czas czytania":"5 minut"},"schema":{"@context":"https:\/\/schema.org","@graph":[{"@type":"Article","@id":"https:\/\/taliz.pl\/blog\/kamienie-naturalne-w-medytacji-wybor-idealnego-mineralu-do-praktyki.html#article","isPartOf":{"@id":"https:\/\/taliz.pl\/blog\/kamienie-naturalne-w-medytacji-wybor-idealnego-mineralu-do-praktyki.html"},"author":{"name":"Taliz","@id":"https:\/\/taliz.pl\/blog\/#\/schema\/person\/f9a8a49eeeca86341fc06976133021ac"},"headline":"Kamienie naturalne w medytacji \u2013 wyb\u00f3r idealnego minera\u0142u do praktyki","datePublished":"2025-02-15T14:15:00+00:00","dateModified":"2025-04-25T08:50:52+00:00","mainEntityOfPage":{"@id":"https:\/\/taliz.pl\/blog\/kamienie-naturalne-w-medytacji-wybor-idealnego-mineralu-do-praktyki.html"},"wordCount":890,"publisher":{"@id":"https:\/\/taliz.pl\/blog\/#organization"},"image":{"@id":"https:\/\/taliz.pl\/blog\/kamienie-naturalne-w-medytacji-wybor-idealnego-mineralu-do-praktyki.html#primaryimage"},"thumbnailUrl":"https:\/\/taliz.pl\/blog\/wp-content\/uploads\/2025\/02\/medytacja_2-1.jpg","articleSection":["Lifestyle"],"inLanguage":"pl-PL"},{"@type":"WebPage","@id":"https:\/\/taliz.pl\/blog\/kamienie-naturalne-w-medytacji-wybor-idealnego-mineralu-do-praktyki.html","url":"https:\/\/taliz.pl\/blog\/kamienie-naturalne-w-medytacji-wybor-idealnego-mineralu-do-praktyki.html","name":"Kamienie naturalne w medytacji \u2013 wyb\u00f3r idealnego minera\u0142u do praktyki - Taliz - Blog","isPartOf":{"@id":"https:\/\/taliz.pl\/blog\/#website"},"primaryImageOfPage":{"@id":"https:\/\/taliz.pl\/blog\/kamienie-naturalne-w-medytacji-wybor-idealnego-mineralu-do-praktyki.html#primaryimage"},"image":{"@id":"https:\/\/taliz.pl\/blog\/kamienie-naturalne-w-medytacji-wybor-idealnego-mineralu-do-praktyki.html#primaryimage"},"thumbnailUrl":"https:\/\/taliz.pl\/blog\/wp-content\/uploads\/2025\/02\/medytacja_2-1.jpg","datePublished":"2025-02-15T14:15:00+00:00","dateModified":"2025-04-25T08:50:52+00:00","description":"Odkryj moc kamieni naturalnych w medytacji i wprowad\u017a harmoni\u0119 do swojego \u017cycia ju\u017c dzi\u015b!","breadcrumb":{"@id":"https:\/\/taliz.pl\/blog\/kamienie-naturalne-w-medytacji-wybor-idealnego-mineralu-do-praktyki.html#breadcrumb"},"inLanguage":"pl-PL","potentialAction":[{"@type":"ReadAction","target":["https:\/\/taliz.pl\/blog\/kamienie-naturalne-w-medytacji-wybor-idealnego-mineralu-do-praktyki.html"]}]},{"@type":"ImageObject","inLanguage":"pl-PL","@id":"https:\/\/taliz.pl\/blog\/kamienie-naturalne-w-medytacji-wybor-idealnego-mineralu-do-praktyki.html#primaryimage","url":"https:\/\/taliz.pl\/blog\/wp-content\/uploads\/2025\/02\/medytacja_2-1.jpg","contentUrl":"https:\/\/taliz.pl\/blog\/wp-content\/uploads\/2025\/02\/medytacja_2-1.jpg","width":800,"height":450},{"@type":"BreadcrumbList","@id":"https:\/\/taliz.pl\/blog\/kamienie-naturalne-w-medytacji-wybor-idealnego-mineralu-do-praktyki.html#breadcrumb","itemListElement":[{"@type":"ListItem","position":1,"name":"Home","item":"https:\/\/taliz.pl\/blog"},{"@type":"ListItem","position":2,"name":"Kamienie naturalne w medytacji \u2013 wyb\u00f3r idealnego minera\u0142u do praktyki"}]},{"@type":"WebSite","@id":"https:\/\/taliz.pl\/blog\/#website","url":"https:\/\/taliz.pl\/blog\/","name":"Taliz - Blog","description":"Blog","publisher":{"@id":"https:\/\/taliz.pl\/blog\/#organization"},"potentialAction":[{"@type":"SearchAction","target":{"@type":"EntryPoint","urlTemplate":"https:\/\/taliz.pl\/blog\/?s={search_term_string}"},"query-input":{"@type":"PropertyValueSpecification","valueRequired":true,"valueName":"search_term_string"}}],"inLanguage":"pl-PL"},{"@type":"Organization","@id":"https:\/\/taliz.pl\/blog\/#organization","name":"Taliz - Blog","url":"https:\/\/taliz.pl\/blog\/","logo":{"@type":"ImageObject","inLanguage":"pl-PL","@id":"https:\/\/taliz.pl\/blog\/#\/schema\/logo\/image\/","url":"https:\/\/taliz.pl\/blog\/wp-content\/uploads\/2024\/08\/taliz-email-2.png","contentUrl":"https:\/\/taliz.pl\/blog\/wp-content\/uploads\/2024\/08\/taliz-email-2.png","width":600,"height":413,"caption":"Taliz - Blog"},"image":{"@id":"https:\/\/taliz.pl\/blog\/#\/schema\/logo\/image\/"},"sameAs":["https:\/\/www.facebook.com\/bizuteriataliz"]},{"@type":"Person","@id":"https:\/\/taliz.pl\/blog\/#\/schema\/person\/f9a8a49eeeca86341fc06976133021ac","name":"Taliz","image":{"@type":"ImageObject","inLanguage":"pl-PL","@id":"https:\/\/taliz.pl\/blog\/#\/schema\/person\/image\/","url":"https:\/\/secure.gravatar.com\/avatar\/2447c93d55e2a53196fef72b314089fd2e4e2e75262bd4aa58aa96fe748f9c7b?s=96&d=mm&r=g","contentUrl":"https:\/\/secure.gravatar.com\/avatar\/2447c93d55e2a53196fef72b314089fd2e4e2e75262bd4aa58aa96fe748f9c7b?s=96&d=mm&r=g","caption":"Taliz"},"url":"https:\/\/taliz.pl\/blog\/author\/taliz"}]}},"_links":{"self":[{"href":"https:\/\/taliz.pl\/blog\/wp-json\/wp\/v2\/posts\/3090","targetHints":{"allow":["GET"]}}],"collection":[{"href":"https:\/\/taliz.pl\/blog\/wp-json\/wp\/v2\/posts"}],"about":[{"href":"https:\/\/taliz.pl\/blog\/wp-json\/wp\/v2\/types\/post"}],"author":[{"embeddable":true,"href":"https:\/\/taliz.pl\/blog\/wp-json\/wp\/v2\/users\/2"}],"replies":[{"embeddable":true,"href":"https:\/\/taliz.pl\/blog\/wp-json\/wp\/v2\/comments?post=3090"}],"version-history":[{"count":2,"href":"https:\/\/taliz.pl\/blog\/wp-json\/wp\/v2\/posts\/3090\/revisions"}],"predecessor-version":[{"id":3271,"href":"https:\/\/taliz.pl\/blog\/wp-json\/wp\/v2\/posts\/3090\/revisions\/3271"}],"wp:featuredmedia":[{"embeddable":true,"href":"https:\/\/taliz.pl\/blog\/wp-json\/wp\/v2\/media\/3091"}],"wp:attachment":[{"href":"https:\/\/taliz.pl\/blog\/wp-json\/wp\/v2\/media?parent=3090"}],"wp:term":[{"taxonomy":"category","embeddable":true,"href":"https:\/\/taliz.pl\/blog\/wp-json\/wp\/v2\/categories?post=3090"},{"taxonomy":"post_tag","embeddable":true,"href":"https:\/\/taliz.pl\/blog\/wp-json\/wp\/v2\/tags?post=3090"}],"curies":[{"name":"wp","href":"https:\/\/api.w.org\/{rel}","templated":true}]}}